{"id":1716,"date":"2025-10-05T13:49:34","date_gmt":"2025-10-05T10:49:34","guid":{"rendered":"https:\/\/naislaulajat.net\/?p=1716"},"modified":"2025-10-05T13:51:14","modified_gmt":"2025-10-05T10:51:14","slug":"l-a-chorusin-laulajien-kokemuksia-yhteisesta-viikostamme-michele","status":"publish","type":"post","link":"https:\/\/naislaulajat.net\/gb\/l-a-chorusin-laulajien-kokemuksia-yhteisesta-viikostamme-michele\/","title":{"rendered":"L.A. Chorusin laulajien kokemuksia yhteisest\u00e4 viikostamme: Michele"},"content":{"rendered":"<p>L. A. Chorus -yst\u00e4v\u00e4mme Michele kirjoitti kokemuksistaan Suomessa ja Jyv\u00e4skyl\u00e4ss\u00e4<br \/>\nseuraavanlaisen p\u00e4iv\u00e4kirjan:<\/p>\n<p><em>Ricordo ancora quando M* Fortunato mi parl\u00f2 del progetto Erasmus in Finlandia per cori:<\/em><br \/>\n<em>pensai subito a come sarebbe stato il viaggio e la cultura che ci avrebbe atteso!<\/em><br \/>\n<em>Jyv\u00e4skyl\u00e4: una citt\u00e0 universitaria nel mezzo della Finlandia. Il primo pensiero \u00e8 stato: sar\u00e0<\/em><br \/>\n<em>freddo! \ud83d\ude42<\/em><br \/>\n<em>A parte gli scherzi, man mano che gli incontri e le prove si susseguivano per la preparazione<\/em><br \/>\n<em>dei concerti, fremevo per comprendere quali suoni e paesaggi ci aspettavano.<\/em><\/p>\n<p><em>Sabato 23:<\/em><br \/>\n<em>Non appena arrivati e prese le camere, ci avviamo per una perlustrazione del luogo: mi ha<\/em><br \/>\n<em>colpito fortemente il silenzio delle strade e ovviamente la frescura di agosto.<\/em><br \/>\n<em>Domenica 24: nel giorno libero, scegliamo di visitare la chiesa lignea, un sito UNESCO a<\/em><br \/>\n<em>Pet\u00e4j\u00e4vesi, simbolo dell&#8217;architettura luterana scandinava della met\u00e0 del Settecento.<\/em><br \/>\n<em>E&#8217; sbalorditivo come un monumento del genere sia sopravvissuto fino ad oggi con quei<\/em><br \/>\n<em>materiali!<\/em><br \/>\n<em>In seguito, prendiamo una prima boccata di aria finlandese con i suoi boschi e laghi<\/em><br \/>\n<em>specchiati.<\/em><\/p>\n<p><em>Luned\u00ec 25: primo giorno di condivisione con il coro femminile di Jyv\u00e4skyl\u00e4, che ci accolgono<\/em><br \/>\n<em>con il modo pi\u00f9 finlandese possibile: escursione a S\u00e4yn\u00e4tsalo, nei boschi e poi<\/em><br \/>\n<em>un&#8217;esperienza incredibile di sauna e bagno nel lago ghiacciato.<\/em><br \/>\n<em>Non ho mai provato un&#8217;escursione termica del genere, forse di quasi 60\u00b0C. Sar\u00e0 difficile<\/em><br \/>\n<em>dimenticare le nostre chiacchierate con Markus nella sauna e i mazzi di erbe aromatiche<\/em><br \/>\n<em>battute addosso.<\/em><br \/>\n<em>Inoltre era previsto un rinfresco condiviso con tutti. Una giornata meravigliosa.<\/em><\/p>\n<p><em>Marted\u00ec 26 e mercoled\u00ec 27: giorni di prove incessanti con il coro femminile in cerca di un<\/em><br \/>\n<em>suono comune.<\/em><br \/>\n<em>Fino a questi giorni ci preoccupava il meteo che prima della partenza segnalava pioggia tutti<\/em><br \/>\n<em>i giorni: invece Jyv\u00e4skyl\u00e4 ci ha regalato giornate di sole.<\/em><\/p>\n<p><em>Gioved\u00ec 28: giorno del concerto nella chiesa di Taulum\u00e4ki. Ricordo ancora i banchi pieni di<\/em><br \/>\n<em>gente per ascoltarci, forse uno dei concerti pi\u00f9 affollati che abbia mai fatto.<\/em><br \/>\n<em>L&#8217;esecuzione \u00e8 stata magistrale, a detta anche del M* Fortunato.<\/em><br \/>\n<em>L&#8217;abbraccio del coro finlandese continua con una cena offerta al ristorante Priimus, dove<\/em><br \/>\n<em>ricordo la simpatia dello chef.<\/em><br \/>\n<em>Di tutto il cibo provato in Finlandia, posso dire che sono dei maestri nel fare il pane e i dolci.<\/em><\/p>\n<p><em>Venerd\u00ec 29: \u00e8 ora di lasciare Jyv\u00e4skyl\u00e4, in direzione Helsinki. Purtroppo la capitale ci<\/em><br \/>\n<em>accoglie con nuvole e pioggia, ma non demordiamo perch\u00e8 siamo carichi per il concerto<\/em><br \/>\n<em>nella Kallio Church: mi colpisce la sua maestosit\u00e0 nello skyline. Veniamo accolti da Tommy,<\/em><br \/>\n<em>che subito ci fa accomodare nelle stanze con qualche bicchiere di te e biscotti.<\/em><br \/>\n<em>Anche questa volta il concerto \u00e8 stato magistrale. Ora \u00e8 tempo di vagare per le strade della<\/em><br \/>\n<em>capitale.<\/em><br \/>\n<em>Ci fermiamo in alcune chiese dove non riusciamo a trattenerci nel cantare qualche pezzo<\/em><br \/>\n<em>forte del coro, con i complimenti dei turisti e fedeli presenti.<\/em><\/p>\n<p>Teko\u00e4lyn avulla teksti k\u00e4\u00e4ntyi suomeksi seuraavasti:<\/p>\n<p>Muistan viel\u00e4kin, kun Maestro Fortunato kertoi minulle Suomen Erasmus-projektista<br \/>\nkuoroille: ajattelin heti, millainen matka ja millainen kulttuuri meit\u00e4 odottaisi!<br \/>\nJyv\u00e4skyl\u00e4 &#8211; yliopistokaupunki keskell\u00e4 Suomea. Ensimm\u00e4inen ajatukseni oli: siell\u00e4h\u00e4n on<br \/>\nkylm\u00e4! \ud83d\ude42<br \/>\nVitsit sikseen. Kun harjoitukset ja tapaamiset konserttien valmistelemiseksi eteniv\u00e4t, olin yh\u00e4<br \/>\ninnostuneempi kuulemaan, millaiset \u00e4\u00e4net ja maisemat meit\u00e4 odottivat.<br \/>\nHeti saavuttuamme ja saatuamme huoneet l\u00e4hdimme tutustumaan ymp\u00e4rist\u00f6\u00f6n. Minuun teki<br \/>\nsuuren vaikutuksen katujen hiljaisuus &#8211; ja tietenkin elokuun viileys.<\/p>\n<p>Sunnuntai 24. p\u00e4iv\u00e4<br \/>\nVapaap\u00e4iv\u00e4n\u00e4 p\u00e4\u00e4timme vierailla Pet\u00e4j\u00e4veden vanhassa puukirkossa, UNESCOn<br \/>\nmaailmanperint\u00f6kohteessa, joka on esimerkki 1700-luvun puoliv\u00e4lin skandinaavisesta<br \/>\nluterilaisesta arkkitehtuurista. On h\u00e4mm\u00e4stytt\u00e4v\u00e4\u00e4, miten t\u00e4llainen rakennus on s\u00e4ilynyt<br \/>\nn\u00e4ihin p\u00e4iviin asti alkuper\u00e4isill\u00e4 materiaaleillaan!<br \/>\nMy\u00f6hemmin saimme ensimm\u00e4isen todellisen kokemuksemme suomalaisesta luonnosta &#8211;<br \/>\npeilityynen j\u00e4rven ja metsien keskelt\u00e4!<\/p>\n<p>Maanantain 25. p\u00e4iv\u00e4<br \/>\nEnsimm\u00e4inen yhteinen p\u00e4iv\u00e4 Jyv\u00e4skyl\u00e4n naislaulajien kanssa, joka otti meid\u00e4t vastaan<br \/>\nehdottoman suomalaisella tavalla; retkell\u00e4 S\u00e4yn\u00e4tsalossa mets\u00e4n halki ja sen j\u00e4lkeen<br \/>\nunohtumaton saunakokemus kylm\u00e4ss\u00e4 j\u00e4rvess\u00e4 uiden. En ole koskaan aiemmin kokenut<br \/>\nt\u00e4llaista l\u00e4mptilaeroa &#8211; ehk\u00e4 l\u00e4hes 60 C-asteen eroa! Unohtumattomaksi j\u00e4i my\u00f6s<br \/>\nkeskustelumme Markun kanssa saunassa sek\u00e4 aromaattisilla yrttivihdoilla l\u00e4psiminen.<br \/>\nP\u00e4iv\u00e4\u00e4n kuului my\u00f6s yhteinen nyyttikestityyppinen tarjoilu. T\u00e4ydellinen p\u00e4iv\u00e4.<\/p>\n<p>Tiistai 26. ja keskiviikko 27. p\u00e4iv\u00e4<br \/>\nIntensiivisi\u00e4 harjoitusp\u00e4ivi\u00e4 naiskuoron kanssa, yhteisen soinnin etsint\u00e4\u00e4. N\u00e4ihin p\u00e4iviin asti meit\u00e4 huoletti s\u00e4\u00e4 &#8211; ennen l\u00e4ht\u00f6\u00e4 ennuste lupasi sadetta joka p\u00e4iv\u00e4lle.<br \/>\nMutta Jyv\u00e4skyl\u00e4 antoi meille auringonpaistetta!<\/p>\n<p>Torstai 28. p\u00e4iv\u00e4<br \/>\nKonserttip\u00e4iv\u00e4 Taulum\u00e4en kirkossa. Muistan viel\u00e4kin, kuinka kirkon penkit olivat t\u00e4ynn\u00e4<br \/>\nyleis\u00f6\u00e4 &#8211; ehk\u00e4 yksi suurimmista konserteista, joissa olen koskaan esiintynyt.<br \/>\nEsitys oli mestarillinen. My\u00f6s Maestro Fortunaton mukaan.<br \/>\nSuomalaisen kuoron vieraanvaraisuus jatkui illallisella ravintola Priimuksessa, jossa mieleeni<br \/>\nj\u00e4i erityisesti kokin l\u00e4mmin huumori.<br \/>\nKaikesta Suomessa sy\u00f6m\u00e4st\u00e4ni ruoasta voin sanoa, ett\u00e4 he ovat mestarileipureit\u00e4 &#8211;<br \/>\nerityisesti leip\u00e4 ja makeat herkut olivat erinomaisia.<\/p>\n<p>Perjantai 29. p\u00e4iv\u00e4<br \/>\nAika j\u00e4tt\u00e4\u00e4 Jyv\u00e4skyl\u00e4 ja suunnata kohti Helsinki\u00e4.<br \/>\nValitettavasti p\u00e4\u00e4kaupunki otti meid\u00e4t vastaan pilvisen\u00e4 ja sateisena, mutta emme<br \/>\nlannistuneet &#8211; meit\u00e4 odotti viel\u00e4 konsertti Kallion kirkossa, jonka mahtavuus<br \/>\nkaupunkikuvassa teki vaikutuksen.<br \/>\nMeid\u00e4t otti vastaan Tommi, joka toivotti meid\u00e4t tervetulleiksi teekupposella ja kekseill\u00e4.<br \/>\nTaas kerran konsertti oli mestarillinen.<br \/>\nSen j\u00e4lkeen oli aika vaeltaa p\u00e4\u00e4kaupungin kaduilla. Pys\u00e4hdyimme useisiin kirkkoihin, joissa<br \/>\nemme voineet vastustaa kiusausta esitt\u00e4\u00e4 muutamia kuoron rakkaimpia kappaleita &#8211; saimme<br \/>\nkiitoksia turisteilta ja muutamilta paikalla olleilta seurakuntalaisilta.<\/p>\n","protected":false},"excerpt":{"rendered":"<p>L. A. Chorus -yst\u00e4v\u00e4mme Michele kirjoitti kokemuksistaan Suomessa ja Jyv\u00e4skyl\u00e4ss\u00e4 seuraavanlaisen p\u00e4iv\u00e4kirjan: Ricordo ancora quando M* Fortunato mi parl\u00f2 del [&hellip;]<\/p>\n","protected":false},"author":1,"featured_media":0,"comment_status":"closed","ping_status":"open","sticky":false,"template":"","format":"standard","meta":{"_monsterinsights_skip_tracking":false,"_monsterinsights_sitenote_active":false,"_monsterinsights_sitenote_note":"","_monsterinsights_sitenote_category":0,"_jetpack_memberships_contains_paid_content":false,"footnotes":""},"categories":[1],"tags":[],"class_list":["post-1716","post","type-post","status-publish","format-standard","hentry","category-uncategorized"],"translation":{"provider":"WPGlobus","version":"3.0.2","language":"gb","enabled_languages":["fi","gb"],"languages":{"fi":{"title":true,"content":true,"excerpt":false},"gb":{"title":false,"content":false,"excerpt":false}}},"aioseo_notices":[],"jetpack_featured_media_url":"","jetpack_sharing_enabled":true,"amp_enabled":true,"_links":{"self":[{"href":"https:\/\/naislaulajat.net\/gb\/wp-json\/wp\/v2\/posts\/1716","targetHints":{"allow":["GET"]}}],"collection":[{"href":"https:\/\/naislaulajat.net\/gb\/wp-json\/wp\/v2\/posts"}],"about":[{"href":"https:\/\/naislaulajat.net\/gb\/wp-json\/wp\/v2\/types\/post"}],"author":[{"embeddable":true,"href":"https:\/\/naislaulajat.net\/gb\/wp-json\/wp\/v2\/users\/1"}],"replies":[{"embeddable":true,"href":"https:\/\/naislaulajat.net\/gb\/wp-json\/wp\/v2\/comments?post=1716"}],"version-history":[{"count":4,"href":"https:\/\/naislaulajat.net\/gb\/wp-json\/wp\/v2\/posts\/1716\/revisions"}],"predecessor-version":[{"id":1750,"href":"https:\/\/naislaulajat.net\/gb\/wp-json\/wp\/v2\/posts\/1716\/revisions\/1750"}],"wp:attachment":[{"href":"https:\/\/naislaulajat.net\/gb\/wp-json\/wp\/v2\/media?parent=1716"}],"wp:term":[{"taxonomy":"category","embeddable":true,"href":"https:\/\/naislaulajat.net\/gb\/wp-json\/wp\/v2\/categories?post=1716"},{"taxonomy":"post_tag","embeddable":true,"href":"https:\/\/naislaulajat.net\/gb\/wp-json\/wp\/v2\/tags?post=1716"}],"curies":[{"name":"wp","href":"https:\/\/api.w.org\/{rel}","templated":true}]}}