{"id":1713,"date":"2025-10-05T13:46:04","date_gmt":"2025-10-05T10:46:04","guid":{"rendered":"https:\/\/naislaulajat.net\/?p=1713"},"modified":"2025-10-05T14:00:49","modified_gmt":"2025-10-05T11:00:49","slug":"l-a-chorusin-laulajien-kokemuksia-yhteisesta-viikostamme-stefania","status":"publish","type":"post","link":"https:\/\/naislaulajat.net\/gb\/l-a-chorusin-laulajien-kokemuksia-yhteisesta-viikostamme-stefania\/","title":{"rendered":"L.A. Chorusin laulajien kokemuksia yhteisest\u00e4 viikostamme: Stefania"},"content":{"rendered":"<p>L. A. Chorus -yst\u00e4v\u00e4mme Stefania kirjoitti kokemuksistaan Suomessa ja Jyv\u00e4skyl\u00e4ss\u00e4 seuraavanlaisen tekstin:<\/p>\n<p><em>Partecipare a questo progetto Erasmus+ a Jyv\u00e4skyl\u00e4 \u00e8 stata un\u2019esperienza indimenticabile,<\/em><br \/>\n<em>che porter\u00f2 sempre con me.<br \/>\n<\/em><em>La musica \u00e8 stata il filo conduttore che ci ha uniti, ma ci\u00f2 che ho vissuto \u00e8 andato ben oltre<\/em><br \/>\n<em>le prove e i concerti: ho trovato accoglienza, amicizia e una vera condivisione di emozioni.<\/em><br \/>\n<em>Jyv\u00e4skyl\u00e4 mi ha colpito per la sua atmosfera serena, la natura che la circonda e il calore<\/em><br \/>\n<em>delle persone che abbiamo incontrato. Ogni giornata \u00e8 stata un\u2019occasione per imparare<\/em><br \/>\n<em>qualcosa di nuovo: non solo dal punto di vista musicale, ma anche culturale e umano.<\/em><br \/>\n<em>Cantare insieme, ascoltarci, confrontarci e ridere ha creato legami che vanno oltre le<\/em><br \/>\n<em>distanze geografiche. Questo scambio mi ha arricchito profondamente e mi ha ricordato<\/em><br \/>\n<em>quanto la musica sia un linguaggio universale capace di unire le persone.<\/em><br \/>\n<em>Porto con me ricordi preziosi, nuove amicizie e il desiderio di continuare a vivere esperienze<\/em><br \/>\n<em>come questa.<\/em><\/p>\n<p>Teko\u00e4lyn avulla teksti k\u00e4\u00e4ntyi suomeksi seuraavasti:<\/p>\n<p>Osallistuminen t\u00e4h\u00e4n Erasmus+ -projektiin oli unohtumaton kokemus, jonka tulen aina<br \/>\nkantamaan mukanani.<\/p>\n<p>Musiikki oli punainen lanka, joka yhdisti meit\u00e4, mutta kokemukseni meni paljon pidemm\u00e4lle<br \/>\nkuin harjoitukset ja konsertit: l\u00f6ysin l\u00e4mpim\u00e4n vastaanoton, yst\u00e4vyytt\u00e4 ja todellista tunteiden<br \/>\njakamista.<\/p>\n<p>Jyv\u00e4skyl\u00e4 teki minuun vaikutuksen rauhallisella ilmapiirill\u00e4\u00e4n, sit\u00e4 ymp\u00e4r\u00f6iv\u00e4lll\u00e4 luonnolla ja<br \/>\nihmisten l\u00e4mm\u00f6ll\u00e4, joita tapasimme. Jokainen p\u00e4iv\u00e4 oli mahdollisuus oppia jotakin uutta &#8211; ei<br \/>\nainoastaan musiikin n\u00e4k\u00f6kulmasta vaan my\u00f6s kulttuurisesti ja inhimillisesti. Yhdess\u00e4<br \/>\nlaulaminen, toistemme kuunteleminen, ajatusten vaihto ja nauraminen loivat siteit\u00e4, jotka<br \/>\nylitt\u00e4v\u00e4t maantieteellliset et\u00e4isyydet. T\u00e4m\u00e4 vaihto rikastutti minua syv\u00e4sti ja muistutti minua<br \/>\nsiit\u00e4, kuinka musiikki on universaali kieli, joka voi yhdist\u00e4\u00e4 ihmisi\u00e4,<\/p>\n<p>Kannankin mukanani arvokkaita muistoja, uusia yst\u00e4vyyksi\u00e4 ja halun jatkaa t\u00e4llaisten<br \/>\nkokemusten el\u00e4mist\u00e4.<\/p>\n","protected":false},"excerpt":{"rendered":"<p>L. A. Chorus -yst\u00e4v\u00e4mme Stefania kirjoitti kokemuksistaan Suomessa ja Jyv\u00e4skyl\u00e4ss\u00e4 seuraavanlaisen tekstin: Partecipare a questo progetto Erasmus+ a Jyv\u00e4skyl\u00e4 \u00e8 [&hellip;]<\/p>\n","protected":false},"author":1,"featured_media":0,"comment_status":"closed","ping_status":"open","sticky":false,"template":"","format":"standard","meta":{"_monsterinsights_skip_tracking":false,"_monsterinsights_sitenote_active":false,"_monsterinsights_sitenote_note":"","_monsterinsights_sitenote_category":0,"_jetpack_memberships_contains_paid_content":false,"footnotes":""},"categories":[1],"tags":[],"class_list":["post-1713","post","type-post","status-publish","format-standard","hentry","category-uncategorized"],"translation":{"provider":"WPGlobus","version":"3.0.2","language":"gb","enabled_languages":["fi","gb"],"languages":{"fi":{"title":true,"content":true,"excerpt":false},"gb":{"title":false,"content":false,"excerpt":false}}},"aioseo_notices":[],"jetpack_featured_media_url":"","jetpack_sharing_enabled":true,"amp_enabled":true,"_links":{"self":[{"href":"https:\/\/naislaulajat.net\/gb\/wp-json\/wp\/v2\/posts\/1713","targetHints":{"allow":["GET"]}}],"collection":[{"href":"https:\/\/naislaulajat.net\/gb\/wp-json\/wp\/v2\/posts"}],"about":[{"href":"https:\/\/naislaulajat.net\/gb\/wp-json\/wp\/v2\/types\/post"}],"author":[{"embeddable":true,"href":"https:\/\/naislaulajat.net\/gb\/wp-json\/wp\/v2\/users\/1"}],"replies":[{"embeddable":true,"href":"https:\/\/naislaulajat.net\/gb\/wp-json\/wp\/v2\/comments?post=1713"}],"version-history":[{"count":3,"href":"https:\/\/naislaulajat.net\/gb\/wp-json\/wp\/v2\/posts\/1713\/revisions"}],"predecessor-version":[{"id":1731,"href":"https:\/\/naislaulajat.net\/gb\/wp-json\/wp\/v2\/posts\/1713\/revisions\/1731"}],"wp:attachment":[{"href":"https:\/\/naislaulajat.net\/gb\/wp-json\/wp\/v2\/media?parent=1713"}],"wp:term":[{"taxonomy":"category","embeddable":true,"href":"https:\/\/naislaulajat.net\/gb\/wp-json\/wp\/v2\/categories?post=1713"},{"taxonomy":"post_tag","embeddable":true,"href":"https:\/\/naislaulajat.net\/gb\/wp-json\/wp\/v2\/tags?post=1713"}],"curies":[{"name":"wp","href":"https:\/\/api.w.org\/{rel}","templated":true}]}}