{"id":1704,"date":"2025-10-05T13:25:33","date_gmt":"2025-10-05T10:25:33","guid":{"rendered":"https:\/\/naislaulajat.net\/?p=1704"},"modified":"2025-10-05T13:41:29","modified_gmt":"2025-10-05T10:41:29","slug":"lamminhenkinen-ja-ihana-konsertti","status":"publish","type":"post","link":"https:\/\/naislaulajat.net\/gb\/lamminhenkinen-ja-ihana-konsertti\/","title":{"rendered":"L\u00e4mminhenkinen ja ihana konsertti"},"content":{"rendered":"<p>T\u00e4n\u00e4\u00e4n on se p\u00e4iv\u00e4!<\/p>\n<p>Yhteiskonsertin l\u00e4pimeno alkoi kello 17.00 ja kello on nyt 18.15. Taulum\u00e4en kirkon lukittujen ovien takana on jono!<\/p>\n<p>Keskisuomalainen-lehti kertoi aikaisemmin viikolla n\u00e4kyv\u00e4sti LA. Choruksen vierailusta Jyv\u00e4skyl\u00e4ss\u00e4. Lukijat saivat kuvan kuorojen v\u00e4lisest\u00e4 yhteisty\u00f6st\u00e4 ja yhteisist\u00e4 konserteista, joista ensimm\u00e4inen pidettiin viime syksyn\u00e4 Barissa ja toinen oli juuri alkamassa Taulum\u00e4en kirkossa. Lehdess\u00e4 kerrottiin my\u00f6s, ett\u00e4 konsertti on maksuton. Ja nyt, jono oven takana kuorokonserttiin! Konsertin alkaessa kirkko oli t\u00e4ynn\u00e4 ja ohjelmalehtiset lopussa.<\/p>\n<p>Jyv\u00e4skyl\u00e4n naislaulajat aloitti jyv\u00e4skyl\u00e4l\u00e4isen s\u00e4velt\u00e4j\u00e4n P. J. Hannikaisen (1854-1924) herk\u00e4ll\u00e4 Eino Leinon runoon s\u00e4velt\u00e4m\u00e4ll\u00e4 Marjatan laululla. Seuraavat kaksi laulua olivat uutta suomalaista diskanttikuoro-ohjelmistoa, joista kappale Historia vei kuulijat Pompejin kaupungin tuhoon ja rakastavaisten toiveeseen ikuisesta rakkauden syleilyst\u00e4. Gli stafilococchi -laulussa lauloimme vieraillemme ja kuulijoille italiaksi m\u00e4\u00e4ritelm\u00e4n stafilokokki-bakteerista. P\u00e4\u00e4timme osuuden Istrian alueen kansanlaululla La c\u2019e il mio amor, jossa kaivattiin rakkaan luo. Se oli my\u00f6s tervetuliaislaulu vieraillemme.<\/p>\n<p>L.A. Choruksen ohjelmisto oli hengellist\u00e4 musiikkia. S\u00e4velt\u00e4j\u00e4t olivat yht\u00e4 lukuun ottamatta italialaisia. Vanhin s\u00e4velt\u00e4j\u00e4 oli G.P. da Palestrina ja nuorin Frederica Fornabaio (synt. 1985), joka lauloi mukana kuoron sopraanoissa. P\u00e4\u00e4osa oli nykys\u00e4velt\u00e4jien teoksia. Laulujen tekstit perustuivat Raamattuun ja messuteksteihin ja F. Petrarcan ja D\u2019Annunzion runoihin.<\/p>\n<p><img loading=\"lazy\" decoding=\"async\" class=\" wp-image-1705 alignleft\" src=\"https:\/\/naislaulajat.net\/wp-content\/uploads\/2025\/10\/Kuorot-yhdessa-Jaakko-Pontio.jpg\" alt=\"\" width=\"455\" height=\"275\" srcset=\"https:\/\/naislaulajat.net\/wp-content\/uploads\/2025\/10\/Kuorot-yhdessa-Jaakko-Pontio.jpg 1481w, https:\/\/naislaulajat.net\/wp-content\/uploads\/2025\/10\/Kuorot-yhdessa-Jaakko-Pontio-300x181.jpg 300w, https:\/\/naislaulajat.net\/wp-content\/uploads\/2025\/10\/Kuorot-yhdessa-Jaakko-Pontio-1024x620.jpg 1024w, https:\/\/naislaulajat.net\/wp-content\/uploads\/2025\/10\/Kuorot-yhdessa-Jaakko-Pontio-768x465.jpg 768w\" sizes=\"auto, (max-width: 455px) 100vw, 455px\" \/><\/p>\n<p>Konsertin p\u00e4\u00e4tteeksi kuorot esiintyiv\u00e4t yhdess\u00e4 esitt\u00e4en kolme italiankielist\u00e4 laulua. Niiden sanat<br \/>\nk\u00e4sitteliv\u00e4t runoutta ja inspiraatiota, rakkauden, toivon ja k\u00e4rsimyksen tunteita ja mahdottomiin suhteisiin liittyv\u00e4\u00e4 salailua ja tuskaa. Italialaisten avustuksella naiskuorolaistenkin kieli taipui laulujen sanoihin ja nopeisiin tempoihin.<\/p>\n<p><em style=\"font-size: 12px;\">Kuva: Kuorot yhdess\u00e4. Jaakko P\u00f6nti\u00f6.<\/em><\/p>\n<p>Konsertin huippuhetkeksi muodostui Palestrinan Hodie Beata Virgo, jonka sanat ovat kynttil\u00e4np\u00e4iv\u00e4n<br \/>\ntekstist\u00e4. L.A Chorus siirtyi laulamaan koko kirkkosalin kiert\u00e4v\u00e4lle parvelle. Taivaallinen sointumaisema t\u00e4ytti kirkon ja kuulijat sulautuivat yhteiseen henkiseen kokemukseen.<\/p>\n<p><strong>Encor\u00e9<\/strong><\/p>\n<p><img loading=\"lazy\" decoding=\"async\" class=\"alignnone size-full wp-image-1707\" src=\"https:\/\/naislaulajat.net\/wp-content\/uploads\/2025\/10\/L.A.-Chorus-Katja-Kyllonen.jpg\" alt=\"\" width=\"2048\" height=\"1713\" srcset=\"https:\/\/naislaulajat.net\/wp-content\/uploads\/2025\/10\/L.A.-Chorus-Katja-Kyllonen.jpg 2048w, https:\/\/naislaulajat.net\/wp-content\/uploads\/2025\/10\/L.A.-Chorus-Katja-Kyllonen-300x251.jpg 300w, https:\/\/naislaulajat.net\/wp-content\/uploads\/2025\/10\/L.A.-Chorus-Katja-Kyllonen-1024x857.jpg 1024w, https:\/\/naislaulajat.net\/wp-content\/uploads\/2025\/10\/L.A.-Chorus-Katja-Kyllonen-768x642.jpg 768w, https:\/\/naislaulajat.net\/wp-content\/uploads\/2025\/10\/L.A.-Chorus-Katja-Kyllonen-1536x1285.jpg 1536w\" sizes=\"auto, (max-width: 2048px) 100vw, 2048px\" \/><br \/>\n<em style=\"font-size: 12px;\">Kuva: L.A. Chorus, Katja Kyll\u00f6nen<\/em><\/p>\n<p>Konsertin p\u00e4\u00e4ttyess\u00e4 aplodeista ei ollut tulla loppua. Meill\u00e4 ei ollut yhteist\u00e4 encorea. Niinp\u00e4 me<br \/>\nnaislaulajat vet\u00e4ydyimme syrj\u00e4\u00e4n ja alttarin eteen j\u00e4i L.A. Chorus. Heid\u00e4n valintansa ylim\u00e4\u00e4r\u00e4iseksi oli M. Zuccanten s\u00e4velt\u00e4m\u00e4 teos In Paradisum.<\/p>\n<p>In Paradisum oli italialaisten ohjelmistossa viime syksyn\u00e4 yhteisess\u00e4 konsertissamme Barissa. Kaiken j\u00e4nnityksen keskell\u00e4kin se teki suuren vaikutuksen ja rauhoitti mielen ennen omaa kuoro-osuuttamme. Kaunis s\u00e4velkudelma ja upeasti virttynyt kuoro salpasi hengen.<\/p>\n<p>Kun olimme barilaisten kanssa tutustumassa S\u00e4yn\u00e4tsalon kunnantaloon ja istuimme valtuustosalissa,<br \/>\nvieraamme halusivat kokeilla salin akustiikkaa. Sali soi hyvin samoin kuin vieress\u00e4ni istuneen sopraanon \u00e4\u00e4ni. En voinut olla muistelematta h\u00e4nelle, kuinka viime vuonna kuultu In Paradisum oli tehnyt vaikutuksen meihin.<\/p>\n<p>Pettymys n\u00e4kyi varmasti kasvoiltani, kun h\u00e4n kertoi, ett\u00e4 t\u00e4ll\u00e4 kertaa he eiv\u00e4t laulaisi sit\u00e4 Jyv\u00e4skyl\u00e4ss\u00e4. Sen voisi kuulla konserttiamme seuraavana p\u00e4iv\u00e4n\u00e4 Kallion kirkossa, jossa L.A. Choruksella oli viel\u00e4 konsertti ennen kotiinpaluuta. Kun viel\u00e4 ennen konserttia juttelimme, surin, ett\u00e4 emme kuule laulua. Ehk\u00e4 se kantautui my\u00f6s kuoronjohtaja Alessandron korviin. H\u00e4n toteutti toiveemme: kuoro lauloi ylim\u00e4\u00e4r\u00e4isen\u00e4 laulun In Paradisum!<\/p>\n<p>In Paradisum soi Taulum\u00e4en kirkossa ja oli paras l\u00e4ksi\u00e4islahja, jonka me kaikki konsertissa olleet<br \/>\nsaatoimme saada L.A. Chorukselta.<\/p>\n<p>Kirsi Suokas<\/p>\n","protected":false},"excerpt":{"rendered":"<p>T\u00e4n\u00e4\u00e4n on se p\u00e4iv\u00e4! Yhteiskonsertin l\u00e4pimeno alkoi kello 17.00 ja kello on nyt 18.15. Taulum\u00e4en kirkon lukittujen ovien takana on [&hellip;]<\/p>\n","protected":false},"author":1,"featured_media":0,"comment_status":"closed","ping_status":"open","sticky":false,"template":"","format":"standard","meta":{"_monsterinsights_skip_tracking":false,"_monsterinsights_sitenote_active":false,"_monsterinsights_sitenote_note":"","_monsterinsights_sitenote_category":0,"_jetpack_memberships_contains_paid_content":false,"footnotes":""},"categories":[1],"tags":[],"class_list":["post-1704","post","type-post","status-publish","format-standard","hentry","category-uncategorized"],"translation":{"provider":"WPGlobus","version":"3.0.2","language":"gb","enabled_languages":["fi","gb"],"languages":{"fi":{"title":true,"content":true,"excerpt":false},"gb":{"title":false,"content":false,"excerpt":false}}},"aioseo_notices":[],"jetpack_featured_media_url":"","jetpack_sharing_enabled":true,"amp_enabled":true,"_links":{"self":[{"href":"https:\/\/naislaulajat.net\/gb\/wp-json\/wp\/v2\/posts\/1704","targetHints":{"allow":["GET"]}}],"collection":[{"href":"https:\/\/naislaulajat.net\/gb\/wp-json\/wp\/v2\/posts"}],"about":[{"href":"https:\/\/naislaulajat.net\/gb\/wp-json\/wp\/v2\/types\/post"}],"author":[{"embeddable":true,"href":"https:\/\/naislaulajat.net\/gb\/wp-json\/wp\/v2\/users\/1"}],"replies":[{"embeddable":true,"href":"https:\/\/naislaulajat.net\/gb\/wp-json\/wp\/v2\/comments?post=1704"}],"version-history":[{"count":3,"href":"https:\/\/naislaulajat.net\/gb\/wp-json\/wp\/v2\/posts\/1704\/revisions"}],"predecessor-version":[{"id":1711,"href":"https:\/\/naislaulajat.net\/gb\/wp-json\/wp\/v2\/posts\/1704\/revisions\/1711"}],"wp:attachment":[{"href":"https:\/\/naislaulajat.net\/gb\/wp-json\/wp\/v2\/media?parent=1704"}],"wp:term":[{"taxonomy":"category","embeddable":true,"href":"https:\/\/naislaulajat.net\/gb\/wp-json\/wp\/v2\/categories?post=1704"},{"taxonomy":"post_tag","embeddable":true,"href":"https:\/\/naislaulajat.net\/gb\/wp-json\/wp\/v2\/tags?post=1704"}],"curies":[{"name":"wp","href":"https:\/\/api.w.org\/{rel}","templated":true}]}}