{"id":1634,"date":"2025-05-29T11:57:17","date_gmt":"2025-05-29T08:57:17","guid":{"rendered":"https:\/\/naislaulajat.net\/?p=1634"},"modified":"2025-05-29T12:40:43","modified_gmt":"2025-05-29T09:40:43","slug":"kansainvalista-yhteistyota-ja-keskisuomalaisia-elamyksia","status":"publish","type":"post","link":"https:\/\/naislaulajat.net\/gb\/kansainvalista-yhteistyota-ja-keskisuomalaisia-elamyksia\/","title":{"rendered":"Kansainv\u00e4list\u00e4 yhteisty\u00f6t\u00e4 ja keskisuomalaisia el\u00e4myksi\u00e4"},"content":{"rendered":"<p data-start=\"152\" data-end=\"212\">Syksyll\u00e4 saimme kokea unohtumattoman matkan Italiaan, jossa italialainen yst\u00e4vyyskuoromme is\u00e4nn\u00f6i meit\u00e4 syd\u00e4mellisesti. Musiikki, kulttuuri ja yhteiset hetket loivat l\u00e4mpim\u00e4n yhteyden, joka jatkuu nyt t\u00e4\u00e4ll\u00e4 Suomessa \u2013 elokuussa saamme nimitt\u00e4in ilon toivottaa italialaiset kuorovieraamme tervetulleiksi Keski-Suomeen.<\/p>\n<p data-start=\"534\" data-end=\"817\">Ohjelman suunnittelusta vastaa Naislaulajien Suomi-ryhm\u00e4, ja ilmapiiri on t\u00e4ynn\u00e4 odotusta ja innostusta. Pohdimme, millaisia el\u00e4myksi\u00e4 voisimme tarjota \u2013 mit\u00e4 valitsisimme kotiseudun aarteista esitelt\u00e4v\u00e4ksi, jotta vieraat p\u00e4\u00e4sisiv\u00e4t kokemaan palan aitoa keskisuomalaista el\u00e4m\u00e4\u00e4?<\/p>\n<p data-start=\"819\" data-end=\"1144\">Ideoita on noussut esiin monenlaisia, mutta yksi asia on heti ollut selv\u00e4\u00e4: sauna kuuluu ohjelmaan! Haluamme johdattaa italialaiset vieraat suomalaisen saunakulttuurin ytimeen \u2013 nautiskelemaan l\u00f6ylyist\u00e4 ja kenties pulahtamaan raikkaaseen j\u00e4rveen. Luonnon rauha ja kauniit mets\u00e4- ja j\u00e4rvimaisemat ovat osa el\u00e4myst\u00e4, jota haluamme jakaa.<\/p>\n<p data-start=\"1146\" data-end=\"1497\">Luontoel\u00e4myksien rinnalle suunnittelemme kulttuuriohjelmaa, ja yksi vierailun kohokohdista tulee olemaan tutustuminen maailmankuulun arkkitehti Alvar Aallon suunnittelemiin rakennuksiin. Aallon k\u00e4denj\u00e4lki on keskeinen osa Jyv\u00e4skyl\u00e4n kulttuuri-identiteetti\u00e4, ja h\u00e4nen arkkitehtuurinsa kautta p\u00e4\u00e4see kurkistamaan suomalaiseen ajatteluun ja estetiikkaan.<\/p>\n<p data-start=\"1499\" data-end=\"1612\">Tavoitteemme on rakentaa vierailusta el\u00e4mys, joka j\u00e4\u00e4 syd\u00e4meen \u2013 aivan kuten meid\u00e4n Italian-matkamme teki meille.<\/p>\n<p data-start=\"1614\" data-end=\"1676\">Seuraa kuulumisiamme ja tule mukaan yhteiseen musiikki-iltaan:<\/p>\n<p data-start=\"1678\" data-end=\"1836\"><strong data-start=\"1678\" data-end=\"1736\">Yhteiskonsertti: L.A. Chorus &amp; Jyv\u00e4skyl\u00e4n Naislaulajat<\/strong><br data-start=\"1736\" data-end=\"1739\" \/>28.8.2025 klo 19.00<br data-start=\"1761\" data-end=\"1764\" \/>Taulum\u00e4en kirkko, Jyv\u00e4skyl\u00e4<br data-start=\"1794\" data-end=\"1797\" \/>Vapaa p\u00e4\u00e4sy \u2013 l\u00e4mpim\u00e4sti tervetuloa!<\/p>\n<p data-start=\"1678\" data-end=\"1836\"><img loading=\"lazy\" decoding=\"async\" class=\"alignnone wp-image-1621\" src=\"https:\/\/naislaulajat.net\/wp-content\/uploads\/2025\/05\/Sing_konsertti.jpg\" alt=\"\" width=\"329\" height=\"457\" \/><\/p>\n","protected":false},"excerpt":{"rendered":"<p>Syksyll\u00e4 saimme kokea unohtumattoman matkan Italiaan, jossa italialainen yst\u00e4vyyskuoromme is\u00e4nn\u00f6i meit\u00e4 syd\u00e4mellisesti. Musiikki, kulttuuri ja yhteiset hetket loivat l\u00e4mpim\u00e4n yhteyden, [&hellip;]<\/p>\n","protected":false},"author":1,"featured_media":0,"comment_status":"closed","ping_status":"open","sticky":false,"template":"","format":"standard","meta":{"_monsterinsights_skip_tracking":false,"_monsterinsights_sitenote_active":false,"_monsterinsights_sitenote_note":"","_monsterinsights_sitenote_category":0,"_jetpack_memberships_contains_paid_content":false,"footnotes":""},"categories":[1],"tags":[],"class_list":["post-1634","post","type-post","status-publish","format-standard","hentry","category-uncategorized"],"translation":{"provider":"WPGlobus","version":"3.0.2","language":"gb","enabled_languages":["fi","gb"],"languages":{"fi":{"title":true,"content":true,"excerpt":false},"gb":{"title":false,"content":false,"excerpt":false}}},"aioseo_notices":[],"jetpack_featured_media_url":"","jetpack_sharing_enabled":true,"amp_enabled":true,"_links":{"self":[{"href":"https:\/\/naislaulajat.net\/gb\/wp-json\/wp\/v2\/posts\/1634","targetHints":{"allow":["GET"]}}],"collection":[{"href":"https:\/\/naislaulajat.net\/gb\/wp-json\/wp\/v2\/posts"}],"about":[{"href":"https:\/\/naislaulajat.net\/gb\/wp-json\/wp\/v2\/types\/post"}],"author":[{"embeddable":true,"href":"https:\/\/naislaulajat.net\/gb\/wp-json\/wp\/v2\/users\/1"}],"replies":[{"embeddable":true,"href":"https:\/\/naislaulajat.net\/gb\/wp-json\/wp\/v2\/comments?post=1634"}],"version-history":[{"count":4,"href":"https:\/\/naislaulajat.net\/gb\/wp-json\/wp\/v2\/posts\/1634\/revisions"}],"predecessor-version":[{"id":1640,"href":"https:\/\/naislaulajat.net\/gb\/wp-json\/wp\/v2\/posts\/1634\/revisions\/1640"}],"wp:attachment":[{"href":"https:\/\/naislaulajat.net\/gb\/wp-json\/wp\/v2\/media?parent=1634"}],"wp:term":[{"taxonomy":"category","embeddable":true,"href":"https:\/\/naislaulajat.net\/gb\/wp-json\/wp\/v2\/categories?post=1634"},{"taxonomy":"post_tag","embeddable":true,"href":"https:\/\/naislaulajat.net\/gb\/wp-json\/wp\/v2\/tags?post=1634"}],"curies":[{"name":"wp","href":"https:\/\/api.w.org\/{rel}","templated":true}]}}