{"id":1240,"date":"2024-06-07T09:18:47","date_gmt":"2024-06-07T06:18:47","guid":{"rendered":"https:\/\/naislaulajat.net\/?p=1240"},"modified":"2024-06-07T09:18:47","modified_gmt":"2024-06-07T06:18:47","slug":"puheenjohtajan-kesainen-tervehdys","status":"publish","type":"post","link":"https:\/\/naislaulajat.net\/gb\/puheenjohtajan-kesainen-tervehdys\/","title":{"rendered":"Puheenjohtajan kes\u00e4inen tervehdys"},"content":{"rendered":"<p><img loading=\"lazy\" decoding=\"async\" src=\"https:\/\/naislaulajat.net\/wp-content\/uploads\/2024\/06\/Merja-Myller-kuoron-pj-300x225.jpg\" alt=\"\" width=\"300\" height=\"225\" class=\"alignnone size-medium wp-image-1230\" srcset=\"https:\/\/naislaulajat.net\/wp-content\/uploads\/2024\/06\/Merja-Myller-kuoron-pj-300x225.jpg 300w, https:\/\/naislaulajat.net\/wp-content\/uploads\/2024\/06\/Merja-Myller-kuoron-pj-1024x768.jpg 1024w, https:\/\/naislaulajat.net\/wp-content\/uploads\/2024\/06\/Merja-Myller-kuoron-pj-768x576.jpg 768w, https:\/\/naislaulajat.net\/wp-content\/uploads\/2024\/06\/Merja-Myller-kuoron-pj-1536x1152.jpg 1536w, https:\/\/naislaulajat.net\/wp-content\/uploads\/2024\/06\/Merja-Myller-kuoron-pj-2048x1536.jpg 2048w\" sizes=\"auto, (max-width: 300px) 100vw, 300px\" \/><br \/>\nKev\u00e4\u00e4n aikana olemme ahkerasti valmistelleet Erasmus+ -hankettamme nimelt\u00e4\u00e4n SING (Suomi Italia Nourishing Generations). Lauluja on tilattu ja ohjelmistoa mietitty musiikkilautakunnassa yhdess\u00e4 taiteellisen johtaja Rita Varosen kanssa. Koska partnerimme on italialainen sekakuoro, on ollut t\u00e4rke\u00e4\u00e4 l\u00f6yt\u00e4\u00e4 my\u00f6s sellaisia kappaleita, joissa soivat mies\u00e4\u00e4net. T\u00e4m\u00e4 onkin aika mielenkiintoista, kun olemme kuitenkin perinteinen naiskuoro. <\/p>\n<p>SING -projektissa teht\u00e4vi\u00e4 riitt\u00e4\u00e4 kaikille. Projekteissa kuorolaiset ottavat yleens\u00e4 vastuuta ihan eri tavalla kuin normaalisti. Yleens\u00e4 puheenjohtaja ja hallitus ovat kuoron ty\u00f6rukkasena, mutta t\u00e4m\u00e4 hanke innoittaa kaikkia ottamaan vastuuta ja meill\u00e4 onkin nyt monta tehokasta kuorolaista, jotka edist\u00e4v\u00e4t hankettamme. Yhteinen tekeminen on \u201dliimaa\u201d, joka kokoaa kuorolaiset viel\u00e4 tiukemmin yhteen. Puheenjohtajan n\u00e4k\u00f6kulmasta on hienoa, ett\u00e4 projektissa on oma hallintoryhm\u00e4 ja taitavat projektin johtajat, koska kuoron tavallinen arki ja teht\u00e4v\u00e4t pysyv\u00e4t projektin aikanakin. <\/p>\n<p>Kuorolaulussa jokainen \u00e4\u00e4ni on t\u00e4rke\u00e4. Kev\u00e4\u00e4n kuluessa olikin ilo huomata, kuinka kuorolaiset arjen kiireest\u00e4\u00e4n huolimatta tulivat paikalle ja sitoutuivat laulujen harjoitteluun. Aika monelta useat matkaohjelmiston laulut sujuvat jo ilman nuottejakin. Toki olemme t\u00e4ss\u00e4 ohessa nauhoittaneet ja kuvanneet musiikkivideon (ei viel\u00e4 julkaistu) sek\u00e4 konsertoineet yhdess\u00e4 sekakuorojen Melos ja Cantinovum kanssa. Konserttiohjelmistossa on ollut jo osin matkaohjelmistoakin.<\/p>\n<p>Kuoromatkat ovat kuorolle aina kivoja ja niist\u00e4 j\u00e4\u00e4 mukavia muistoja jokaiselle. Kuoromatkoille tulee paljon hintaa ja usein kuoromatkoilta j\u00e4\u00e4 pois laulajia, koska hinta muodostuu esteeksi osallistumiselle. T\u00e4ll\u00e4 kertaa ei matkalle osallistumisessa ole matkan hinta esteen\u00e4, koska Erasmus+ -hankeraha kattaa osan kuorolaisten matkakustannuksista ja johtajan palkan ja matkat. Jo matkan odotus on kutkuttavan j\u00e4nnitt\u00e4v\u00e4\u00e4, varsinkin kun t\u00e4ll\u00e4 kertaa on meit\u00e4 vastassa tasokas sekakuoro L.A.Chorus Barissa, jonka kanssa tulemme viett\u00e4m\u00e4\u00e4n kolme tehokasta harjoitusp\u00e4iv\u00e4\u00e4 lokakuussa Rita Varosen ja Alessandro Fortunaton johdolla. Eik\u00e4 projektimme lopu siihen. L.A.Chorus saapuu vastavierailulle Jyv\u00e4skyl\u00e4\u00e4n elokuussa 2025.<\/p>\n","protected":false},"excerpt":{"rendered":"<p>Kev\u00e4\u00e4n aikana olemme ahkerasti valmistelleet Erasmus+ -hankettamme nimelt\u00e4\u00e4n SING (Suomi Italia Nourishing Generations). Lauluja on tilattu ja ohjelmistoa mietitty musiikkilautakunnassa [&hellip;]<\/p>\n","protected":false},"author":1,"featured_media":0,"comment_status":"open","ping_status":"open","sticky":false,"template":"","format":"standard","meta":{"_monsterinsights_skip_tracking":false,"_monsterinsights_sitenote_active":false,"_monsterinsights_sitenote_note":"","_monsterinsights_sitenote_category":0,"_jetpack_memberships_contains_paid_content":false,"footnotes":""},"categories":[50518567],"tags":[],"class_list":["post-1240","post","type-post","status-publish","format-standard","hentry","category-sing-projekti"],"translation":{"provider":"WPGlobus","version":"3.0.2","language":"gb","enabled_languages":["fi","gb"],"languages":{"fi":{"title":true,"content":true,"excerpt":false},"gb":{"title":false,"content":false,"excerpt":false}}},"aioseo_notices":[],"jetpack_featured_media_url":"","jetpack_sharing_enabled":true,"amp_enabled":true,"_links":{"self":[{"href":"https:\/\/naislaulajat.net\/gb\/wp-json\/wp\/v2\/posts\/1240","targetHints":{"allow":["GET"]}}],"collection":[{"href":"https:\/\/naislaulajat.net\/gb\/wp-json\/wp\/v2\/posts"}],"about":[{"href":"https:\/\/naislaulajat.net\/gb\/wp-json\/wp\/v2\/types\/post"}],"author":[{"embeddable":true,"href":"https:\/\/naislaulajat.net\/gb\/wp-json\/wp\/v2\/users\/1"}],"replies":[{"embeddable":true,"href":"https:\/\/naislaulajat.net\/gb\/wp-json\/wp\/v2\/comments?post=1240"}],"version-history":[{"count":2,"href":"https:\/\/naislaulajat.net\/gb\/wp-json\/wp\/v2\/posts\/1240\/revisions"}],"predecessor-version":[{"id":1242,"href":"https:\/\/naislaulajat.net\/gb\/wp-json\/wp\/v2\/posts\/1240\/revisions\/1242"}],"wp:attachment":[{"href":"https:\/\/naislaulajat.net\/gb\/wp-json\/wp\/v2\/media?parent=1240"}],"wp:term":[{"taxonomy":"category","embeddable":true,"href":"https:\/\/naislaulajat.net\/gb\/wp-json\/wp\/v2\/categories?post=1240"},{"taxonomy":"post_tag","embeddable":true,"href":"https:\/\/naislaulajat.net\/gb\/wp-json\/wp\/v2\/tags?post=1240"}],"curies":[{"name":"wp","href":"https:\/\/api.w.org\/{rel}","templated":true}]}}