{"id":1194,"date":"2024-03-23T10:38:00","date_gmt":"2024-03-23T08:38:00","guid":{"rendered":"https:\/\/naislaulajat.net\/?p=1194"},"modified":"2024-04-17T10:47:35","modified_gmt":"2024-04-17T07:47:35","slug":"nain-kaikki-alkoi","status":"publish","type":"post","link":"https:\/\/naislaulajat.net\/gb\/nain-kaikki-alkoi\/","title":{"rendered":"N\u00e4in kaikki alkoi"},"content":{"rendered":"<p>Talvella Erasmus-l\u00e4hettil\u00e4s Aino Malin kertoi Jyv\u00e4skyl\u00e4n Ladulle mahdollisuudesta osallistua Erasmus+ -apurahan hakemiseen ja lis\u00e4t\u00e4 sen avulla kansainv\u00e4lisi\u00e4 yhteyksi\u00e4. Ladulla ei ollut t\u00e4ll\u00e4 kertaa paukkuja l\u00e4hte\u00e4 t\u00e4llaiseen projektiin, mutta sen sijaan jatkoimme keskustelua Ainon sek\u00e4 Naislaulajien puheenjohtajan ja taloudenhoitajan kanssa kuoromme mahdollisuuksista l\u00e4hte\u00e4 t\u00e4llaiseen hankkeeseen. Kuoron kes\u00e4kuun kokoontumisessa suhtauduttiin asiaan positiivisesti, ja hakuprosessi k\u00e4ynnistyi. Kuoronjohtaja Rita Varonen k\u00e4ytti laajaa kansainv\u00e4list\u00e4 verkostoaan, ja ennen hein\u00e4kuuta yhteisty\u00f6st\u00e4 oli innostunut Italian Apuliasta kotoisin oleva kuoro L.A.Chorus johtajanaan Antonio Alessandro Fortunato.<\/p>\n<p>Aloimme innostuneena suunnitella Italian matkaa, pohtia kohdetta ja ajankohtaa, italialaista ruokaa ja kulttuuria. Opetushallitus j\u00e4rjesti hakijoille koulutustilaisuuksia, joissa<br \/>\ntarkennettiin hakemuksen vaatimuksia ja selvennettiin tavoitteita. <\/p>\n<p>Kuoro perusti ty\u00f6ryhm\u00e4n, joka alkoi puskea hankehakemusta eteenp\u00e4in. Ty\u00f6t\u00e4 oli paljon, sill\u00e4 hakemisen tarkkoja ohjeita oli paljon ja prosessiin kuului my\u00f6s vilkas s\u00e4hk\u00f6postien vaihto yhteisty\u00f6kumppanien ja molempien maiden opetushallitusten kanssa. Ydinryhm\u00e4 hakemuksen ymp\u00e4rill\u00e4 tiivistyi monesta tielle osuneesta syyst\u00e4 lopulta melko pieneksi. Loppupeliss\u00e4 v\u00e4\u00e4nsin hakemusta yksin Ahopellon Tarjan kanssa ja toivoin parasta. <\/p>\n<p>P\u00e4\u00e4t\u00f6ksen saaminen meni yli luvatun joulukuun alun. Vasta p\u00e4iv\u00e4\u00e4 ennen joulukonserttia 18.12. saatiin Opetushallituksesta virallinen p\u00e4\u00e4t\u00f6s hakemuksen l\u00e4pimenosta. Kaiken sen v\u00e4s\u00e4\u00e4misen j\u00e4lkeen ihan ep\u00e4uskoinen fiilis!<\/p>\n<p>Tammikuussa saamiemme tarkentavien ohjeiden my\u00f6t\u00e4 olemme ymm\u00e4rt\u00e4neet, ett\u00e4 koko juttu on vasta alkumetreill\u00e4. Ty\u00f6t\u00e4 riitt\u00e4\u00e4 koko kahden vuoden ajalle sek\u00e4 meille ett\u00e4 italialaiselle kumppanillemme.<\/p>\n<p>Italia odottaa, mutta mutkia on viel\u00e4 ennen kuin matkaan p\u00e4\u00e4st\u00e4\u00e4n ja saadaan my\u00f6hemmin my\u00f6s Italian porukka Suomeen. Olisi kiva ajatella kevyesti koko reissua mukavana etel\u00e4n matkana lokakuussa. Ehk\u00e4 siit\u00e4 sellainenkin tulee. Kumppanikuoron laaja-alainen osaaminen ja puoliammattilaisuus haastaa sek\u00e4 kuoronjohtajaa ett\u00e4 meit\u00e4 kuorona my\u00f6s kehittym\u00e4\u00e4n.<\/p>\n<p>N\u00e4ill\u00e4 ev\u00e4ill\u00e4 menn\u00e4\u00e4n eteenp\u00e4in!<\/p>\n<p>Kirjoittaja: Marja-Liisa Kananen<\/p>\n","protected":false},"excerpt":{"rendered":"<p>Talvella Erasmus-l\u00e4hettil\u00e4s Aino Malin kertoi Jyv\u00e4skyl\u00e4n Ladulle mahdollisuudesta osallistua Erasmus+ -apurahan hakemiseen ja lis\u00e4t\u00e4 sen avulla kansainv\u00e4lisi\u00e4 yhteyksi\u00e4. Ladulla ei [&hellip;]<\/p>\n","protected":false},"author":1,"featured_media":0,"comment_status":"open","ping_status":"open","sticky":false,"template":"","format":"standard","meta":{"_monsterinsights_skip_tracking":false,"_monsterinsights_sitenote_active":false,"_monsterinsights_sitenote_note":"","_monsterinsights_sitenote_category":0,"_jetpack_memberships_contains_paid_content":false,"footnotes":""},"categories":[50518567],"tags":[],"class_list":["post-1194","post","type-post","status-publish","format-standard","hentry","category-sing-projekti"],"translation":{"provider":"WPGlobus","version":"3.0.2","language":"gb","enabled_languages":["fi","gb"],"languages":{"fi":{"title":true,"content":true,"excerpt":false},"gb":{"title":false,"content":false,"excerpt":false}}},"aioseo_notices":[],"jetpack_featured_media_url":"","jetpack_sharing_enabled":true,"amp_enabled":true,"_links":{"self":[{"href":"https:\/\/naislaulajat.net\/gb\/wp-json\/wp\/v2\/posts\/1194","targetHints":{"allow":["GET"]}}],"collection":[{"href":"https:\/\/naislaulajat.net\/gb\/wp-json\/wp\/v2\/posts"}],"about":[{"href":"https:\/\/naislaulajat.net\/gb\/wp-json\/wp\/v2\/types\/post"}],"author":[{"embeddable":true,"href":"https:\/\/naislaulajat.net\/gb\/wp-json\/wp\/v2\/users\/1"}],"replies":[{"embeddable":true,"href":"https:\/\/naislaulajat.net\/gb\/wp-json\/wp\/v2\/comments?post=1194"}],"version-history":[{"count":2,"href":"https:\/\/naislaulajat.net\/gb\/wp-json\/wp\/v2\/posts\/1194\/revisions"}],"predecessor-version":[{"id":1201,"href":"https:\/\/naislaulajat.net\/gb\/wp-json\/wp\/v2\/posts\/1194\/revisions\/1201"}],"wp:attachment":[{"href":"https:\/\/naislaulajat.net\/gb\/wp-json\/wp\/v2\/media?parent=1194"}],"wp:term":[{"taxonomy":"category","embeddable":true,"href":"https:\/\/naislaulajat.net\/gb\/wp-json\/wp\/v2\/categories?post=1194"},{"taxonomy":"post_tag","embeddable":true,"href":"https:\/\/naislaulajat.net\/gb\/wp-json\/wp\/v2\/tags?post=1194"}],"curies":[{"name":"wp","href":"https:\/\/api.w.org\/{rel}","templated":true}]}}